{"id":1063,"date":"2021-09-30T18:18:20","date_gmt":"2021-09-30T16:18:20","guid":{"rendered":"http:\/\/www.elenabucelli.com\/wordpress\/?p=1063"},"modified":"2024-02-22T12:04:44","modified_gmt":"2024-02-22T11:04:44","slug":"gravidanza","status":"publish","type":"post","link":"https:\/\/www.elenabucelli.com\/wordpress\/gravidanza\/","title":{"rendered":"Dolce Attesa"},"content":{"rendered":"\n<p class=\"_04xlpA direction-ltr align-center para-style-subtitle\"><span class=\"JsGRdQ\"><a href=\"https:\/\/www.elenabucelli.com\/wordpress\/wp-content\/uploads\/2021\/09\/EB882748-scaled.jpg\"><img decoding=\"async\" loading=\"lazy\" class=\"alignnone size-medium wp-image-1647\" src=\"https:\/\/www.elenabucelli.com\/wordpress\/wp-content\/uploads\/2021\/09\/EB882748-200x300.jpg\" alt=\"\" width=\"200\" height=\"300\" srcset=\"https:\/\/www.elenabucelli.com\/wordpress\/wp-content\/uploads\/2021\/09\/EB882748-200x300.jpg 200w, https:\/\/www.elenabucelli.com\/wordpress\/wp-content\/uploads\/2021\/09\/EB882748-683x1024.jpg 683w, https:\/\/www.elenabucelli.com\/wordpress\/wp-content\/uploads\/2021\/09\/EB882748-768x1152.jpg 768w, https:\/\/www.elenabucelli.com\/wordpress\/wp-content\/uploads\/2021\/09\/EB882748-1024x1536.jpg 1024w, https:\/\/www.elenabucelli.com\/wordpress\/wp-content\/uploads\/2021\/09\/EB882748-1365x2048.jpg 1365w, https:\/\/www.elenabucelli.com\/wordpress\/wp-content\/uploads\/2021\/09\/EB882748-scaled.jpg 1707w\" sizes=\"(max-width: 200px) 100vw, 200px\" \/><\/a><a href=\"https:\/\/www.elenabucelli.com\/wordpress\/wp-content\/uploads\/2021\/09\/EB882791-scaled.jpg\"><img decoding=\"async\" loading=\"lazy\" class=\"alignnone size-medium wp-image-1648\" src=\"https:\/\/www.elenabucelli.com\/wordpress\/wp-content\/uploads\/2021\/09\/EB882791-200x300.jpg\" alt=\"\" width=\"200\" height=\"300\" srcset=\"https:\/\/www.elenabucelli.com\/wordpress\/wp-content\/uploads\/2021\/09\/EB882791-200x300.jpg 200w, https:\/\/www.elenabucelli.com\/wordpress\/wp-content\/uploads\/2021\/09\/EB882791-683x1024.jpg 683w, https:\/\/www.elenabucelli.com\/wordpress\/wp-content\/uploads\/2021\/09\/EB882791-768x1152.jpg 768w, https:\/\/www.elenabucelli.com\/wordpress\/wp-content\/uploads\/2021\/09\/EB882791-1024x1536.jpg 1024w, https:\/\/www.elenabucelli.com\/wordpress\/wp-content\/uploads\/2021\/09\/EB882791-1365x2048.jpg 1365w, https:\/\/www.elenabucelli.com\/wordpress\/wp-content\/uploads\/2021\/09\/EB882791-scaled.jpg 1707w\" sizes=\"(max-width: 200px) 100vw, 200px\" \/><\/a><a href=\"https:\/\/www.elenabucelli.com\/wordpress\/wp-content\/uploads\/2021\/09\/EB882798-scaled.jpg\"><img decoding=\"async\" loading=\"lazy\" class=\"alignnone size-medium wp-image-1649\" src=\"https:\/\/www.elenabucelli.com\/wordpress\/wp-content\/uploads\/2021\/09\/EB882798-200x300.jpg\" alt=\"\" width=\"200\" height=\"300\" srcset=\"https:\/\/www.elenabucelli.com\/wordpress\/wp-content\/uploads\/2021\/09\/EB882798-200x300.jpg 200w, https:\/\/www.elenabucelli.com\/wordpress\/wp-content\/uploads\/2021\/09\/EB882798-683x1024.jpg 683w, https:\/\/www.elenabucelli.com\/wordpress\/wp-content\/uploads\/2021\/09\/EB882798-768x1152.jpg 768w, https:\/\/www.elenabucelli.com\/wordpress\/wp-content\/uploads\/2021\/09\/EB882798-1024x1536.jpg 1024w, https:\/\/www.elenabucelli.com\/wordpress\/wp-content\/uploads\/2021\/09\/EB882798-1365x2048.jpg 1365w, https:\/\/www.elenabucelli.com\/wordpress\/wp-content\/uploads\/2021\/09\/EB882798-scaled.jpg 1707w\" sizes=\"(max-width: 200px) 100vw, 200px\" \/><\/a><a href=\"https:\/\/www.elenabucelli.com\/wordpress\/wp-content\/uploads\/2021\/09\/EB882824-scaled.jpg\"><img decoding=\"async\" loading=\"lazy\" class=\"alignnone size-medium wp-image-1650\" src=\"https:\/\/www.elenabucelli.com\/wordpress\/wp-content\/uploads\/2021\/09\/EB882824-200x300.jpg\" alt=\"\" width=\"200\" height=\"300\" srcset=\"https:\/\/www.elenabucelli.com\/wordpress\/wp-content\/uploads\/2021\/09\/EB882824-200x300.jpg 200w, https:\/\/www.elenabucelli.com\/wordpress\/wp-content\/uploads\/2021\/09\/EB882824-683x1024.jpg 683w, https:\/\/www.elenabucelli.com\/wordpress\/wp-content\/uploads\/2021\/09\/EB882824-768x1152.jpg 768w, https:\/\/www.elenabucelli.com\/wordpress\/wp-content\/uploads\/2021\/09\/EB882824-1024x1536.jpg 1024w, https:\/\/www.elenabucelli.com\/wordpress\/wp-content\/uploads\/2021\/09\/EB882824-1365x2048.jpg 1365w, https:\/\/www.elenabucelli.com\/wordpress\/wp-content\/uploads\/2021\/09\/EB882824-scaled.jpg 1707w\" sizes=\"(max-width: 200px) 100vw, 200px\" \/><\/a><\/span><\/p>\n<p class=\"_04xlpA direction-ltr align-center para-style-subtitle\" style=\"text-align: center;\"><span class=\"JsGRdQ\">Il Servizio fotografico per la tua maternit\u00e0, dalla 26a settimana alla 38a, ogni servizio \u00e8 personalizzato in base alle proprie caratteristiche e richieste.<\/span><\/p>\n<p class=\"_04xlpA direction-ltr align-center para-style-subtitle\">&nbsp;<\/p>\n<p class=\"_04xlpA direction-ltr align-center para-style-subtitle\" style=\"text-align: center;\"><span class=\"JsGRdQ\">Servizio fotografico in <\/span><span class=\"JsGRdQ\">studio<\/span><span class=\"JsGRdQ\"> o in <\/span><span class=\"JsGRdQ\">esterna<\/span><span class=\"JsGRdQ\"> comprensivo di abiti, Make up personale, solo per te!<\/span><\/p>\n<p class=\"_04xlpA direction-ltr align-center para-style-subtitle\" style=\"text-align: center;\"><strong>A PARTIRE DA SOLI 270,00 EURO&nbsp;<\/strong><\/p>\n<p class=\"_04xlpA direction-ltr align-center para-style-subtitle\" style=\"text-align: center;\"><span class=\"JsGRdQ\">Cosa \u00e8 compreso:<\/span><\/p>\n<p class=\"_04xlpA direction-ltr align-center para-style-subtitle\" style=\"text-align: center;\"><span class=\"JsGRdQ\">. Abiti e accessori (escluso intimo)<\/span><\/p>\n<p style=\"text-align: center;\">. Sessione fotografica<\/p>\n<p style=\"text-align: center;\">. 5 foto digitali in alta risoluzione post prodotti.<\/p>\n<p style=\"text-align: center;\">Da aggiungere, per chi lo desidera trucco e capelli.<\/p>\n<p style=\"text-align: center;\">La durata del servizio \u00e8 di circa 1 ora e mezzo, tra preparativi, scelta degli abiti,<\/p>\n<p style=\"text-align: center;\">e allestimento dei set e scatti.<\/p>\n<p style=\"text-align: center;\">Nella sessione maternity, sono compresi anche alcuni scatti con il<\/p>\n<p style=\"text-align: center;\">futuro pap\u00e0 ed eventuali fratellini.<\/p>\n<p style=\"text-align: center;\">E mi raccomando, per chi ha in famiglia un p\u00f2 di pelo&#8230; \u00e8 invitato a portarlo in studio! Sar\u00e0 un modello bellissimo!<\/p>\n","protected":false},"excerpt":{"rendered":"<p>Il Servizio fotografico per la tua maternit\u00e0, dalla 26a settimana alla 38a, ogni servizio \u00e8 personalizzato in base alle proprie caratteristiche e richieste. &nbsp; [&hellip;]<\/p>\n","protected":false},"author":1,"featured_media":0,"comment_status":"open","ping_status":"open","sticky":false,"template":"","format":"standard","meta":{"_joinchat":[]},"categories":[1],"tags":[103,102],"yoast_head":"<!-- This site is optimized with the Yoast SEO plugin v17.0 - https:\/\/yoast.com\/wordpress\/plugins\/seo\/ -->\n<title>Dolce Attesa - ELENA BUCELLI PHOTOGRAPHER<\/title>\n<meta name=\"robots\" content=\"index, follow, max-snippet:-1, max-image-preview:large, max-video-preview:-1\" \/>\n<link rel=\"canonical\" href=\"https:\/\/www.elenabucelli.com\/wordpress\/gravidanza\/\" \/>\n<meta property=\"og:locale\" content=\"it_IT\" \/>\n<meta property=\"og:type\" content=\"article\" \/>\n<meta property=\"og:title\" content=\"Dolce Attesa - ELENA BUCELLI PHOTOGRAPHER\" \/>\n<meta property=\"og:description\" content=\"Il Servizio fotografico per la tua maternit\u00e0, dalla 26a settimana alla 38a, ogni servizio \u00e8 personalizzato in base alle proprie caratteristiche e richieste. &nbsp; [&hellip;]\" \/>\n<meta property=\"og:url\" content=\"https:\/\/www.elenabucelli.com\/wordpress\/gravidanza\/\" \/>\n<meta property=\"og:site_name\" content=\"ELENA BUCELLI PHOTOGRAPHER\" \/>\n<meta property=\"article:published_time\" content=\"2021-09-30T16:18:20+00:00\" \/>\n<meta property=\"article:modified_time\" content=\"2024-02-22T11:04:44+00:00\" \/>\n<meta property=\"og:image\" content=\"https:\/\/www.elenabucelli.com\/wordpress\/wp-content\/uploads\/2021\/09\/EB882748-200x300.jpg\" \/>\n<meta name=\"twitter:card\" content=\"summary\" \/>\n<meta name=\"twitter:label1\" content=\"Scritto da\" \/>\n\t<meta name=\"twitter:data1\" content=\"elebuce\" \/>\n\t<meta name=\"twitter:label2\" content=\"Tempo di lettura stimato\" \/>\n\t<meta name=\"twitter:data2\" content=\"1 minuto\" \/>\n<script type=\"application\/ld+json\" class=\"yoast-schema-graph\">{\"@context\":\"https:\/\/schema.org\",\"@graph\":[{\"@type\":\"WebSite\",\"@id\":\"https:\/\/www.elenabucelli.com\/wordpress\/#website\",\"url\":\"https:\/\/www.elenabucelli.com\/wordpress\/\",\"name\":\"ELENA BUCELLI PHOTOGRAPHER\",\"description\":\"Fotografia per Famiglie, Bambini, Pet e Matrimoni\",\"potentialAction\":[{\"@type\":\"SearchAction\",\"target\":{\"@type\":\"EntryPoint\",\"urlTemplate\":\"https:\/\/www.elenabucelli.com\/wordpress\/?s={search_term_string}\"},\"query-input\":\"required name=search_term_string\"}],\"inLanguage\":\"it-IT\"},{\"@type\":\"ImageObject\",\"@id\":\"https:\/\/www.elenabucelli.com\/wordpress\/gravidanza\/#primaryimage\",\"inLanguage\":\"it-IT\",\"url\":\"https:\/\/www.elenabucelli.com\/wordpress\/wp-content\/uploads\/2021\/09\/EB882748-scaled.jpg\",\"contentUrl\":\"https:\/\/www.elenabucelli.com\/wordpress\/wp-content\/uploads\/2021\/09\/EB882748-scaled.jpg\",\"width\":1707,\"height\":2560},{\"@type\":\"WebPage\",\"@id\":\"https:\/\/www.elenabucelli.com\/wordpress\/gravidanza\/#webpage\",\"url\":\"https:\/\/www.elenabucelli.com\/wordpress\/gravidanza\/\",\"name\":\"Dolce Attesa - ELENA BUCELLI PHOTOGRAPHER\",\"isPartOf\":{\"@id\":\"https:\/\/www.elenabucelli.com\/wordpress\/#website\"},\"primaryImageOfPage\":{\"@id\":\"https:\/\/www.elenabucelli.com\/wordpress\/gravidanza\/#primaryimage\"},\"datePublished\":\"2021-09-30T16:18:20+00:00\",\"dateModified\":\"2024-02-22T11:04:44+00:00\",\"author\":{\"@id\":\"https:\/\/www.elenabucelli.com\/wordpress\/#\/schema\/person\/d2a3c919780f9f6477db8f691798885b\"},\"breadcrumb\":{\"@id\":\"https:\/\/www.elenabucelli.com\/wordpress\/gravidanza\/#breadcrumb\"},\"inLanguage\":\"it-IT\",\"potentialAction\":[{\"@type\":\"ReadAction\",\"target\":[\"https:\/\/www.elenabucelli.com\/wordpress\/gravidanza\/\"]}]},{\"@type\":\"BreadcrumbList\",\"@id\":\"https:\/\/www.elenabucelli.com\/wordpress\/gravidanza\/#breadcrumb\",\"itemListElement\":[{\"@type\":\"ListItem\",\"position\":1,\"name\":\"Home\",\"item\":\"https:\/\/www.elenabucelli.com\/wordpress\/\"},{\"@type\":\"ListItem\",\"position\":2,\"name\":\"Dolce Attesa\"}]},{\"@type\":\"Person\",\"@id\":\"https:\/\/www.elenabucelli.com\/wordpress\/#\/schema\/person\/d2a3c919780f9f6477db8f691798885b\",\"name\":\"elebuce\",\"image\":{\"@type\":\"ImageObject\",\"@id\":\"https:\/\/www.elenabucelli.com\/wordpress\/#personlogo\",\"inLanguage\":\"it-IT\",\"url\":\"https:\/\/secure.gravatar.com\/avatar\/2f9c16dbdad864d7638856a675ff4ba0?s=96&d=mm&r=g\",\"contentUrl\":\"https:\/\/secure.gravatar.com\/avatar\/2f9c16dbdad864d7638856a675ff4ba0?s=96&d=mm&r=g\",\"caption\":\"elebuce\"},\"url\":\"https:\/\/www.elenabucelli.com\/wordpress\/author\/elebuce\/\"}]}<\/script>\n<!-- \/ Yoast SEO plugin. -->","yoast_head_json":{"title":"Dolce Attesa - ELENA BUCELLI PHOTOGRAPHER","robots":{"index":"index","follow":"follow","max-snippet":"max-snippet:-1","max-image-preview":"max-image-preview:large","max-video-preview":"max-video-preview:-1"},"canonical":"https:\/\/www.elenabucelli.com\/wordpress\/gravidanza\/","og_locale":"it_IT","og_type":"article","og_title":"Dolce Attesa - ELENA BUCELLI PHOTOGRAPHER","og_description":"Il Servizio fotografico per la tua maternit\u00e0, dalla 26a settimana alla 38a, ogni servizio \u00e8 personalizzato in base alle proprie caratteristiche e richieste. &nbsp; [&hellip;]","og_url":"https:\/\/www.elenabucelli.com\/wordpress\/gravidanza\/","og_site_name":"ELENA BUCELLI PHOTOGRAPHER","article_published_time":"2021-09-30T16:18:20+00:00","article_modified_time":"2024-02-22T11:04:44+00:00","og_image":[{"url":"https:\/\/www.elenabucelli.com\/wordpress\/wp-content\/uploads\/2021\/09\/EB882748-200x300.jpg"}],"twitter_card":"summary","twitter_misc":{"Scritto da":"elebuce","Tempo di lettura stimato":"1 minuto"},"schema":{"@context":"https:\/\/schema.org","@graph":[{"@type":"WebSite","@id":"https:\/\/www.elenabucelli.com\/wordpress\/#website","url":"https:\/\/www.elenabucelli.com\/wordpress\/","name":"ELENA BUCELLI PHOTOGRAPHER","description":"Fotografia per Famiglie, Bambini, Pet e Matrimoni","potentialAction":[{"@type":"SearchAction","target":{"@type":"EntryPoint","urlTemplate":"https:\/\/www.elenabucelli.com\/wordpress\/?s={search_term_string}"},"query-input":"required name=search_term_string"}],"inLanguage":"it-IT"},{"@type":"ImageObject","@id":"https:\/\/www.elenabucelli.com\/wordpress\/gravidanza\/#primaryimage","inLanguage":"it-IT","url":"https:\/\/www.elenabucelli.com\/wordpress\/wp-content\/uploads\/2021\/09\/EB882748-scaled.jpg","contentUrl":"https:\/\/www.elenabucelli.com\/wordpress\/wp-content\/uploads\/2021\/09\/EB882748-scaled.jpg","width":1707,"height":2560},{"@type":"WebPage","@id":"https:\/\/www.elenabucelli.com\/wordpress\/gravidanza\/#webpage","url":"https:\/\/www.elenabucelli.com\/wordpress\/gravidanza\/","name":"Dolce Attesa - ELENA BUCELLI PHOTOGRAPHER","isPartOf":{"@id":"https:\/\/www.elenabucelli.com\/wordpress\/#website"},"primaryImageOfPage":{"@id":"https:\/\/www.elenabucelli.com\/wordpress\/gravidanza\/#primaryimage"},"datePublished":"2021-09-30T16:18:20+00:00","dateModified":"2024-02-22T11:04:44+00:00","author":{"@id":"https:\/\/www.elenabucelli.com\/wordpress\/#\/schema\/person\/d2a3c919780f9f6477db8f691798885b"},"breadcrumb":{"@id":"https:\/\/www.elenabucelli.com\/wordpress\/gravidanza\/#breadcrumb"},"inLanguage":"it-IT","potentialAction":[{"@type":"ReadAction","target":["https:\/\/www.elenabucelli.com\/wordpress\/gravidanza\/"]}]},{"@type":"BreadcrumbList","@id":"https:\/\/www.elenabucelli.com\/wordpress\/gravidanza\/#breadcrumb","itemListElement":[{"@type":"ListItem","position":1,"name":"Home","item":"https:\/\/www.elenabucelli.com\/wordpress\/"},{"@type":"ListItem","position":2,"name":"Dolce Attesa"}]},{"@type":"Person","@id":"https:\/\/www.elenabucelli.com\/wordpress\/#\/schema\/person\/d2a3c919780f9f6477db8f691798885b","name":"elebuce","image":{"@type":"ImageObject","@id":"https:\/\/www.elenabucelli.com\/wordpress\/#personlogo","inLanguage":"it-IT","url":"https:\/\/secure.gravatar.com\/avatar\/2f9c16dbdad864d7638856a675ff4ba0?s=96&d=mm&r=g","contentUrl":"https:\/\/secure.gravatar.com\/avatar\/2f9c16dbdad864d7638856a675ff4ba0?s=96&d=mm&r=g","caption":"elebuce"},"url":"https:\/\/www.elenabucelli.com\/wordpress\/author\/elebuce\/"}]}},"_links":{"self":[{"href":"https:\/\/www.elenabucelli.com\/wordpress\/wp-json\/wp\/v2\/posts\/1063"}],"collection":[{"href":"https:\/\/www.elenabucelli.com\/wordpress\/wp-json\/wp\/v2\/posts"}],"about":[{"href":"https:\/\/www.elenabucelli.com\/wordpress\/wp-json\/wp\/v2\/types\/post"}],"author":[{"embeddable":true,"href":"https:\/\/www.elenabucelli.com\/wordpress\/wp-json\/wp\/v2\/users\/1"}],"replies":[{"embeddable":true,"href":"https:\/\/www.elenabucelli.com\/wordpress\/wp-json\/wp\/v2\/comments?post=1063"}],"version-history":[{"count":12,"href":"https:\/\/www.elenabucelli.com\/wordpress\/wp-json\/wp\/v2\/posts\/1063\/revisions"}],"predecessor-version":[{"id":1656,"href":"https:\/\/www.elenabucelli.com\/wordpress\/wp-json\/wp\/v2\/posts\/1063\/revisions\/1656"}],"wp:attachment":[{"href":"https:\/\/www.elenabucelli.com\/wordpress\/wp-json\/wp\/v2\/media?parent=1063"}],"wp:term":[{"taxonomy":"category","embeddable":true,"href":"https:\/\/www.elenabucelli.com\/wordpress\/wp-json\/wp\/v2\/categories?post=1063"},{"taxonomy":"post_tag","embeddable":true,"href":"https:\/\/www.elenabucelli.com\/wordpress\/wp-json\/wp\/v2\/tags?post=1063"}],"curies":[{"name":"wp","href":"https:\/\/api.w.org\/{rel}","templated":true}]}}