{"id":1173,"date":"2021-10-01T17:33:19","date_gmt":"2021-10-01T15:33:19","guid":{"rendered":"http:\/\/www.elenabucelli.com\/wordpress\/?p=1173"},"modified":"2022-02-05T18:35:05","modified_gmt":"2022-02-05T17:35:05","slug":"book-foto-studio","status":"publish","type":"post","link":"https:\/\/www.elenabucelli.com\/wordpress\/book-foto-studio\/","title":{"rendered":"Ritratto in studio"},"content":{"rendered":"\n<p>\u00a0<\/p>\n<p class=\"_04xlpA direction-ltr align-center para-style-subtitle\" style=\"text-align: left;\"><strong><span class=\"JsGRdQ\">FOTO STUDIO<\/span><\/strong><\/p>\n<p class=\"_04xlpA direction-ltr align-center para-style-subtitle\" style=\"text-align: left;\"><span class=\"JsGRdQ\">Il Servizio fotografico per te che cerchi foto professionali per il tuo lavoro.<\/span><\/p>\n<p class=\"_04xlpA direction-ltr align-center para-style-subtitle\" style=\"text-align: left;\"><span class=\"JsGRdQ\">Il servizio si svolge in <\/span><span class=\"JsGRdQ\">studio o in esterna<\/span><span class=\"JsGRdQ\">.<\/span><\/p>\n<p class=\"_04xlpA direction-ltr align-center para-style-subtitle\" style=\"text-align: left;\"><span class=\"JsGRdQ\">Sarai accompagnata\/o da una Make Up Artist che ti aiuter\u00e0 nel trucco per esaltare i tuoi lineamenti e la tua bellezza e un parrucchiere che ti doner\u00e0 una bellissima piega pi\u00f9 adatta al tuo viso e allo scopo del ritratto.<\/span><\/p>\n<p class=\"_04xlpA direction-ltr align-center para-style-subtitle\" style=\"text-align: left;\">\u00a0<\/p>\n<p class=\"_04xlpA direction-ltr align-center para-style-subtitle\" style=\"text-align: left;\"><span class=\"JsGRdQ\">Verrai guidata\/o nelle pose pi\u00f9 adatte a te e allo scopo del tuo book fotografico professionale.<\/span><\/p>\n<p class=\"_04xlpA direction-ltr align-center para-style-subtitle\" style=\"text-align: left;\">\u00a0<\/p>\n<p class=\"_04xlpA direction-ltr align-center para-style-subtitle\" style=\"text-align: left;\"><span class=\"JsGRdQ\">\u20ac 230,00*<\/span><\/p>\n<p class=\"_04xlpA direction-ltr align-center para-style-subtitle\" style=\"text-align: left;\"><span class=\"JsGRdQ\">anzich\u00e9<\/span><\/p>\n<p class=\"_04xlpA direction-ltr align-center para-style-subtitle\" style=\"text-align: left;\"><span class=\"JsGRdQ\">\u20ac 300,00<\/span><\/p>\n<p class=\"_04xlpA direction-ltr align-center para-style-subtitle\" style=\"text-align: left;\">\u00a0<\/p>\n<p class=\"_04xlpA direction-ltr align-center para-style-subtitle\" style=\"text-align: left;\"><span class=\"JsGRdQ\">Cosa \u00e8 compreso:<\/span><\/p>\n<p class=\"_04xlpA direction-ltr align-center para-style-subtitle\" style=\"text-align: left;\"><span class=\"JsGRdQ\">. Chiavetta USB file post prodotti<\/span><\/p>\n<p class=\"_04xlpA direction-ltr align-center para-style-subtitle\" style=\"text-align: left;\"><span class=\"JsGRdQ\">. Make Up Artist e piega<\/span><\/p>\n<p class=\"_04xlpA direction-ltr align-center para-style-subtitle\" style=\"text-align: left;\"><span class=\"JsGRdQ\">. Abiti e accessori<\/span><\/p>\n<p class=\"_04xlpA direction-ltr align-center para-style-subtitle\" style=\"text-align: left;\"><span class=\"JsGRdQ\">*supplemento per foto in esterna \u20ac 50,00 entro un raggio di 20km<\/span><\/p>\n<p>\u00a0<\/p>\n<p><a href=\"https:\/\/www.elenabucelli.com\/wordpress\/wp-content\/uploads\/2021\/10\/EB2_8231-Modifica.jpg\"><img decoding=\"async\" loading=\"lazy\" class=\"size-full wp-image-1174 alignnone\" src=\"https:\/\/www.elenabucelli.com\/wordpress\/wp-content\/uploads\/2021\/10\/EB2_8231-Modifica.jpg\" alt=\"\" width=\"667\" height=\"1000\" srcset=\"https:\/\/www.elenabucelli.com\/wordpress\/wp-content\/uploads\/2021\/10\/EB2_8231-Modifica.jpg 667w, https:\/\/www.elenabucelli.com\/wordpress\/wp-content\/uploads\/2021\/10\/EB2_8231-Modifica-200x300.jpg 200w\" sizes=\"(max-width: 667px) 100vw, 667px\" \/><\/a><\/p>\n<p><a href=\"https:\/\/www.elenabucelli.com\/wordpress\/wp-content\/uploads\/2021\/10\/EB2_8238.jpg\"><img decoding=\"async\" loading=\"lazy\" class=\"size-large wp-image-1175 alignnone\" src=\"https:\/\/www.elenabucelli.com\/wordpress\/wp-content\/uploads\/2021\/10\/EB2_8238.jpg\" alt=\"\" width=\"640\" height=\"427\" srcset=\"https:\/\/www.elenabucelli.com\/wordpress\/wp-content\/uploads\/2021\/10\/EB2_8238.jpg 1000w, https:\/\/www.elenabucelli.com\/wordpress\/wp-content\/uploads\/2021\/10\/EB2_8238-300x200.jpg 300w, https:\/\/www.elenabucelli.com\/wordpress\/wp-content\/uploads\/2021\/10\/EB2_8238-768x512.jpg 768w\" sizes=\"(max-width: 640px) 100vw, 640px\" \/><\/a><\/p>\n<p><a href=\"https:\/\/www.elenabucelli.com\/wordpress\/wp-content\/uploads\/2021\/10\/EB2_8278.jpg\"><img decoding=\"async\" loading=\"lazy\" class=\"size-large wp-image-1176 alignnone\" src=\"https:\/\/www.elenabucelli.com\/wordpress\/wp-content\/uploads\/2021\/10\/EB2_8278.jpg\" alt=\"\" width=\"640\" height=\"960\" srcset=\"https:\/\/www.elenabucelli.com\/wordpress\/wp-content\/uploads\/2021\/10\/EB2_8278.jpg 667w, https:\/\/www.elenabucelli.com\/wordpress\/wp-content\/uploads\/2021\/10\/EB2_8278-200x300.jpg 200w\" sizes=\"(max-width: 640px) 100vw, 640px\" \/><\/a><\/p>\n<p><a href=\"https:\/\/www.elenabucelli.com\/wordpress\/wp-content\/uploads\/2021\/10\/EB2_8299.jpg\"><img decoding=\"async\" loading=\"lazy\" class=\"size-large wp-image-1177 alignnone\" src=\"https:\/\/www.elenabucelli.com\/wordpress\/wp-content\/uploads\/2021\/10\/EB2_8299.jpg\" alt=\"\" width=\"640\" height=\"960\" srcset=\"https:\/\/www.elenabucelli.com\/wordpress\/wp-content\/uploads\/2021\/10\/EB2_8299.jpg 667w, https:\/\/www.elenabucelli.com\/wordpress\/wp-content\/uploads\/2021\/10\/EB2_8299-200x300.jpg 200w\" sizes=\"(max-width: 640px) 100vw, 640px\" \/><\/a><\/p>\n","protected":false},"excerpt":{"rendered":"<p>\u00a0 FOTO STUDIO Il Servizio fotografico per te che cerchi foto professionali per il tuo lavoro. Il servizio si svolge in studio o in [&hellip;]<\/p>\n","protected":false},"author":1,"featured_media":0,"comment_status":"open","ping_status":"open","sticky":false,"template":"","format":"standard","meta":{"_joinchat":[]},"categories":[1],"tags":[],"yoast_head":"<!-- This site is optimized with the Yoast SEO plugin v17.0 - https:\/\/yoast.com\/wordpress\/plugins\/seo\/ -->\n<title>Ritratto in studio - ELENA BUCELLI PHOTOGRAPHER<\/title>\n<meta name=\"robots\" content=\"index, follow, max-snippet:-1, max-image-preview:large, max-video-preview:-1\" \/>\n<link rel=\"canonical\" href=\"https:\/\/www.elenabucelli.com\/wordpress\/book-foto-studio\/\" \/>\n<meta property=\"og:locale\" content=\"it_IT\" \/>\n<meta property=\"og:type\" content=\"article\" \/>\n<meta property=\"og:title\" content=\"Ritratto in studio - ELENA BUCELLI PHOTOGRAPHER\" \/>\n<meta property=\"og:description\" content=\"\u00a0 FOTO STUDIO Il Servizio fotografico per te che cerchi foto professionali per il tuo lavoro. Il servizio si svolge in studio o in [&hellip;]\" \/>\n<meta property=\"og:url\" content=\"https:\/\/www.elenabucelli.com\/wordpress\/book-foto-studio\/\" \/>\n<meta property=\"og:site_name\" content=\"ELENA BUCELLI PHOTOGRAPHER\" \/>\n<meta property=\"article:published_time\" content=\"2021-10-01T15:33:19+00:00\" \/>\n<meta property=\"article:modified_time\" content=\"2022-02-05T17:35:05+00:00\" \/>\n<meta property=\"og:image\" content=\"http:\/\/www.elenabucelli.com\/wordpress\/wp-content\/uploads\/2021\/10\/EB2_8231-Modifica.jpg\" \/>\n<meta name=\"twitter:card\" content=\"summary\" \/>\n<meta name=\"twitter:label1\" content=\"Scritto da\" \/>\n\t<meta name=\"twitter:data1\" content=\"elebuce\" \/>\n\t<meta name=\"twitter:label2\" content=\"Tempo di lettura stimato\" \/>\n\t<meta name=\"twitter:data2\" content=\"2 minuti\" \/>\n<script type=\"application\/ld+json\" class=\"yoast-schema-graph\">{\"@context\":\"https:\/\/schema.org\",\"@graph\":[{\"@type\":\"WebSite\",\"@id\":\"https:\/\/www.elenabucelli.com\/wordpress\/#website\",\"url\":\"https:\/\/www.elenabucelli.com\/wordpress\/\",\"name\":\"ELENA BUCELLI PHOTOGRAPHER\",\"description\":\"Fotografia per Famiglie, Bambini, Pet e Matrimoni\",\"potentialAction\":[{\"@type\":\"SearchAction\",\"target\":{\"@type\":\"EntryPoint\",\"urlTemplate\":\"https:\/\/www.elenabucelli.com\/wordpress\/?s={search_term_string}\"},\"query-input\":\"required name=search_term_string\"}],\"inLanguage\":\"it-IT\"},{\"@type\":\"ImageObject\",\"@id\":\"https:\/\/www.elenabucelli.com\/wordpress\/book-foto-studio\/#primaryimage\",\"inLanguage\":\"it-IT\",\"url\":\"http:\/\/www.elenabucelli.com\/wordpress\/wp-content\/uploads\/2021\/10\/EB2_8231-Modifica.jpg\",\"contentUrl\":\"http:\/\/www.elenabucelli.com\/wordpress\/wp-content\/uploads\/2021\/10\/EB2_8231-Modifica.jpg\"},{\"@type\":\"WebPage\",\"@id\":\"https:\/\/www.elenabucelli.com\/wordpress\/book-foto-studio\/#webpage\",\"url\":\"https:\/\/www.elenabucelli.com\/wordpress\/book-foto-studio\/\",\"name\":\"Ritratto in studio - ELENA BUCELLI PHOTOGRAPHER\",\"isPartOf\":{\"@id\":\"https:\/\/www.elenabucelli.com\/wordpress\/#website\"},\"primaryImageOfPage\":{\"@id\":\"https:\/\/www.elenabucelli.com\/wordpress\/book-foto-studio\/#primaryimage\"},\"datePublished\":\"2021-10-01T15:33:19+00:00\",\"dateModified\":\"2022-02-05T17:35:05+00:00\",\"author\":{\"@id\":\"https:\/\/www.elenabucelli.com\/wordpress\/#\/schema\/person\/d2a3c919780f9f6477db8f691798885b\"},\"breadcrumb\":{\"@id\":\"https:\/\/www.elenabucelli.com\/wordpress\/book-foto-studio\/#breadcrumb\"},\"inLanguage\":\"it-IT\",\"potentialAction\":[{\"@type\":\"ReadAction\",\"target\":[\"https:\/\/www.elenabucelli.com\/wordpress\/book-foto-studio\/\"]}]},{\"@type\":\"BreadcrumbList\",\"@id\":\"https:\/\/www.elenabucelli.com\/wordpress\/book-foto-studio\/#breadcrumb\",\"itemListElement\":[{\"@type\":\"ListItem\",\"position\":1,\"name\":\"Home\",\"item\":\"https:\/\/www.elenabucelli.com\/wordpress\/\"},{\"@type\":\"ListItem\",\"position\":2,\"name\":\"Ritratto in studio\"}]},{\"@type\":\"Person\",\"@id\":\"https:\/\/www.elenabucelli.com\/wordpress\/#\/schema\/person\/d2a3c919780f9f6477db8f691798885b\",\"name\":\"elebuce\",\"image\":{\"@type\":\"ImageObject\",\"@id\":\"https:\/\/www.elenabucelli.com\/wordpress\/#personlogo\",\"inLanguage\":\"it-IT\",\"url\":\"https:\/\/secure.gravatar.com\/avatar\/2f9c16dbdad864d7638856a675ff4ba0?s=96&d=mm&r=g\",\"contentUrl\":\"https:\/\/secure.gravatar.com\/avatar\/2f9c16dbdad864d7638856a675ff4ba0?s=96&d=mm&r=g\",\"caption\":\"elebuce\"},\"url\":\"https:\/\/www.elenabucelli.com\/wordpress\/author\/elebuce\/\"}]}<\/script>\n<!-- \/ Yoast SEO plugin. -->","yoast_head_json":{"title":"Ritratto in studio - ELENA BUCELLI PHOTOGRAPHER","robots":{"index":"index","follow":"follow","max-snippet":"max-snippet:-1","max-image-preview":"max-image-preview:large","max-video-preview":"max-video-preview:-1"},"canonical":"https:\/\/www.elenabucelli.com\/wordpress\/book-foto-studio\/","og_locale":"it_IT","og_type":"article","og_title":"Ritratto in studio - ELENA BUCELLI PHOTOGRAPHER","og_description":"\u00a0 FOTO STUDIO Il Servizio fotografico per te che cerchi foto professionali per il tuo lavoro. Il servizio si svolge in studio o in [&hellip;]","og_url":"https:\/\/www.elenabucelli.com\/wordpress\/book-foto-studio\/","og_site_name":"ELENA BUCELLI PHOTOGRAPHER","article_published_time":"2021-10-01T15:33:19+00:00","article_modified_time":"2022-02-05T17:35:05+00:00","og_image":[{"url":"http:\/\/www.elenabucelli.com\/wordpress\/wp-content\/uploads\/2021\/10\/EB2_8231-Modifica.jpg"}],"twitter_card":"summary","twitter_misc":{"Scritto da":"elebuce","Tempo di lettura stimato":"2 minuti"},"schema":{"@context":"https:\/\/schema.org","@graph":[{"@type":"WebSite","@id":"https:\/\/www.elenabucelli.com\/wordpress\/#website","url":"https:\/\/www.elenabucelli.com\/wordpress\/","name":"ELENA BUCELLI PHOTOGRAPHER","description":"Fotografia per Famiglie, Bambini, Pet e Matrimoni","potentialAction":[{"@type":"SearchAction","target":{"@type":"EntryPoint","urlTemplate":"https:\/\/www.elenabucelli.com\/wordpress\/?s={search_term_string}"},"query-input":"required name=search_term_string"}],"inLanguage":"it-IT"},{"@type":"ImageObject","@id":"https:\/\/www.elenabucelli.com\/wordpress\/book-foto-studio\/#primaryimage","inLanguage":"it-IT","url":"http:\/\/www.elenabucelli.com\/wordpress\/wp-content\/uploads\/2021\/10\/EB2_8231-Modifica.jpg","contentUrl":"http:\/\/www.elenabucelli.com\/wordpress\/wp-content\/uploads\/2021\/10\/EB2_8231-Modifica.jpg"},{"@type":"WebPage","@id":"https:\/\/www.elenabucelli.com\/wordpress\/book-foto-studio\/#webpage","url":"https:\/\/www.elenabucelli.com\/wordpress\/book-foto-studio\/","name":"Ritratto in studio - ELENA BUCELLI PHOTOGRAPHER","isPartOf":{"@id":"https:\/\/www.elenabucelli.com\/wordpress\/#website"},"primaryImageOfPage":{"@id":"https:\/\/www.elenabucelli.com\/wordpress\/book-foto-studio\/#primaryimage"},"datePublished":"2021-10-01T15:33:19+00:00","dateModified":"2022-02-05T17:35:05+00:00","author":{"@id":"https:\/\/www.elenabucelli.com\/wordpress\/#\/schema\/person\/d2a3c919780f9f6477db8f691798885b"},"breadcrumb":{"@id":"https:\/\/www.elenabucelli.com\/wordpress\/book-foto-studio\/#breadcrumb"},"inLanguage":"it-IT","potentialAction":[{"@type":"ReadAction","target":["https:\/\/www.elenabucelli.com\/wordpress\/book-foto-studio\/"]}]},{"@type":"BreadcrumbList","@id":"https:\/\/www.elenabucelli.com\/wordpress\/book-foto-studio\/#breadcrumb","itemListElement":[{"@type":"ListItem","position":1,"name":"Home","item":"https:\/\/www.elenabucelli.com\/wordpress\/"},{"@type":"ListItem","position":2,"name":"Ritratto in studio"}]},{"@type":"Person","@id":"https:\/\/www.elenabucelli.com\/wordpress\/#\/schema\/person\/d2a3c919780f9f6477db8f691798885b","name":"elebuce","image":{"@type":"ImageObject","@id":"https:\/\/www.elenabucelli.com\/wordpress\/#personlogo","inLanguage":"it-IT","url":"https:\/\/secure.gravatar.com\/avatar\/2f9c16dbdad864d7638856a675ff4ba0?s=96&d=mm&r=g","contentUrl":"https:\/\/secure.gravatar.com\/avatar\/2f9c16dbdad864d7638856a675ff4ba0?s=96&d=mm&r=g","caption":"elebuce"},"url":"https:\/\/www.elenabucelli.com\/wordpress\/author\/elebuce\/"}]}},"_links":{"self":[{"href":"https:\/\/www.elenabucelli.com\/wordpress\/wp-json\/wp\/v2\/posts\/1173"}],"collection":[{"href":"https:\/\/www.elenabucelli.com\/wordpress\/wp-json\/wp\/v2\/posts"}],"about":[{"href":"https:\/\/www.elenabucelli.com\/wordpress\/wp-json\/wp\/v2\/types\/post"}],"author":[{"embeddable":true,"href":"https:\/\/www.elenabucelli.com\/wordpress\/wp-json\/wp\/v2\/users\/1"}],"replies":[{"embeddable":true,"href":"https:\/\/www.elenabucelli.com\/wordpress\/wp-json\/wp\/v2\/comments?post=1173"}],"version-history":[{"count":2,"href":"https:\/\/www.elenabucelli.com\/wordpress\/wp-json\/wp\/v2\/posts\/1173\/revisions"}],"predecessor-version":[{"id":1289,"href":"https:\/\/www.elenabucelli.com\/wordpress\/wp-json\/wp\/v2\/posts\/1173\/revisions\/1289"}],"wp:attachment":[{"href":"https:\/\/www.elenabucelli.com\/wordpress\/wp-json\/wp\/v2\/media?parent=1173"}],"wp:term":[{"taxonomy":"category","embeddable":true,"href":"https:\/\/www.elenabucelli.com\/wordpress\/wp-json\/wp\/v2\/categories?post=1173"},{"taxonomy":"post_tag","embeddable":true,"href":"https:\/\/www.elenabucelli.com\/wordpress\/wp-json\/wp\/v2\/tags?post=1173"}],"curies":[{"name":"wp","href":"https:\/\/api.w.org\/{rel}","templated":true}]}}