{"id":1340,"date":"2022-02-07T17:07:32","date_gmt":"2022-02-07T16:07:32","guid":{"rendered":"http:\/\/www.elenabucelli.com\/wordpress\/?p=1340"},"modified":"2022-02-07T17:23:40","modified_gmt":"2022-02-07T16:23:40","slug":"smash-cake","status":"publish","type":"post","link":"https:\/\/www.elenabucelli.com\/wordpress\/smash-cake\/","title":{"rendered":"SMASH CAKE"},"content":{"rendered":"\n<div class=\"wp-block-group is-layout-flow\"><div class=\"wp-block-group__inner-container\">\n<p><strong><a href=\"https:\/\/www.elenabucelli.com\/wordpress\/smash-cake\/\">SMASH CAKE<\/a>IL 1\u00b0 COMPLEANNO DEL TUO BAMBINO<\/strong><\/p>\n<p class=\"_04xlpA direction-ltr align-center para-style-subtitle\" style=\"text-align: left;\"><span class=\"JsGRdQ\">Il Servizio fotografico dedicato al 1\u00b0 compleanno del tuo bambino!<\/span><\/p>\n<p class=\"_04xlpA direction-ltr align-center para-style-subtitle\"><a href=\"https:\/\/www.elenabucelli.com\/wordpress\/wp-content\/uploads\/2022\/02\/EB2_3270.jpg\"><img decoding=\"async\" loading=\"lazy\" class=\"alignnone  wp-image-1341\" src=\"https:\/\/www.elenabucelli.com\/wordpress\/wp-content\/uploads\/2022\/02\/EB2_3270-300x200.jpg\" alt=\"\" width=\"710\" height=\"473\" srcset=\"https:\/\/www.elenabucelli.com\/wordpress\/wp-content\/uploads\/2022\/02\/EB2_3270-300x200.jpg 300w, https:\/\/www.elenabucelli.com\/wordpress\/wp-content\/uploads\/2022\/02\/EB2_3270-768x512.jpg 768w, https:\/\/www.elenabucelli.com\/wordpress\/wp-content\/uploads\/2022\/02\/EB2_3270.jpg 1000w\" sizes=\"(max-width: 710px) 100vw, 710px\" \/><\/a><\/p>\n<p class=\"_04xlpA direction-ltr align-center para-style-subtitle\" style=\"text-align: left;\"><span class=\"JsGRdQ\">Il primo compleanno \u00e8 un momento unico, da non dimenticare, e allora perch\u00e9 non festeggiarlo in mezzo a tanti colori e set unici?<\/span><\/p>\n<p class=\"_04xlpA direction-ltr align-center para-style-subtitle\" style=\"text-align: left;\"><span class=\"JsGRdQ\">Penseremo a tutto noi! Torta compresa!<\/span><\/p>\n<p class=\"_04xlpA direction-ltr align-center para-style-subtitle\" style=\"text-align: left;\">\u00a0<\/p>\n<p class=\"_04xlpA direction-ltr align-center para-style-subtitle\" style=\"text-align: left;\"><span class=\"JsGRdQ\">Il servizio si svolge in <\/span><span class=\"JsGRdQ\">studio<\/span><span class=\"JsGRdQ\">, della durata di circa 40&#8242;-1 ora in base ai tempi naturali del vostro bimbo\/a , ogni servizio \u00e8 personalizzato in base alle proprie richieste e comprende abiti, accessori, torta, allestimento set fotografico e tutto sar\u00e0 creato solo per te e il tuo bimbo\/a!<\/span><\/p>\n<p class=\"_04xlpA direction-ltr align-center para-style-subtitle\" style=\"text-align: left;\">Consiglio di prenotare il servizio circa un mese prima della data desiderata e almeno 10 giorni prima del compleanno, in modo da avere per tempo gli scatti scelti e lavorati!<\/p>\n<p class=\"_04xlpA direction-ltr align-center para-style-subtitle\" style=\"text-align: left;\"><span class=\"JsGRdQ\">Divertimento assicurato e soprattutto ricordi unici!<\/span><\/p>\n<p style=\"text-align: left;\">\u00a0<\/p>\n<p style=\"text-align: left;\">Previsti alcuni scatti con tutta la FAMIGLIA! Cani compresi per chi li ha in famiglia!!!<\/p>\n<p style=\"text-align: left;\">\u00a0<\/p>\n<\/div><\/div>\n\n\n\n<figure class=\"wp-block-image\"><img alt=\"\"\/><\/figure>\n\n\n\n<div class=\"wp-block-group is-layout-flow\"><div class=\"wp-block-group__inner-container\">\n<div class=\"wp-block-columns is-layout-flex wp-container-4\">\n<div class=\"wp-block-column is-layout-flow\" style=\"flex-basis:100%\">\n<div class=\"wp-block-group is-layout-flow\"><div class=\"wp-block-group__inner-container\">\n<div class=\"wp-block-image\"><figure class=\"aligncenter size-full\"><a href=\"https:\/\/www.elenabucelli.com\/wordpress\/wp-content\/uploads\/2022\/02\/EB2_3344.jpg\"><img decoding=\"async\" loading=\"lazy\" width=\"1000\" height=\"1000\" src=\"https:\/\/www.elenabucelli.com\/wordpress\/wp-content\/uploads\/2022\/02\/EB2_3344.jpg\" alt=\"\" class=\"wp-image-1342\" srcset=\"https:\/\/www.elenabucelli.com\/wordpress\/wp-content\/uploads\/2022\/02\/EB2_3344.jpg 1000w, https:\/\/www.elenabucelli.com\/wordpress\/wp-content\/uploads\/2022\/02\/EB2_3344-300x300.jpg 300w, https:\/\/www.elenabucelli.com\/wordpress\/wp-content\/uploads\/2022\/02\/EB2_3344-150x150.jpg 150w, https:\/\/www.elenabucelli.com\/wordpress\/wp-content\/uploads\/2022\/02\/EB2_3344-768x768.jpg 768w\" sizes=\"(max-width: 1000px) 100vw, 1000px\" \/><\/a><figcaption>Per motivi di Privacy non \u00e8 stata inserita la foto con la piccola festeggiata, e quindi abbiamo inserito la dolcissima e fortunatissima MOKA! <br>       <\/figcaption><\/figure><\/div>\n<\/div><\/div>\n<\/div>\n<\/div>\n<\/div><\/div>\n\n\n\n<p style=\"text-align: left;\">Ah dimenticavo, la torta sar\u00e0 prenotata in una pasticceria di zona e sar\u00e0 realizzata apposta per l&#8217;occasione, mentre l&#8217;allestimento sar\u00e0 realizzato con accessori fatti a mano e in base alle proprie esigenze, colori compresi!!!<\/p>\n","protected":false},"excerpt":{"rendered":"<p>SMASH CAKEIL 1\u00b0 COMPLEANNO DEL TUO BAMBINO Il Servizio fotografico dedicato al 1\u00b0 compleanno del tuo bambino! Il primo compleanno \u00e8 un momento unico, [&hellip;]<\/p>\n","protected":false},"author":1,"featured_media":0,"comment_status":"open","ping_status":"open","sticky":false,"template":"","format":"standard","meta":{"_joinchat":[]},"categories":[1],"tags":[],"yoast_head":"<!-- This site is optimized with the Yoast SEO plugin v17.0 - https:\/\/yoast.com\/wordpress\/plugins\/seo\/ -->\n<title>SMASH CAKE - ELENA BUCELLI PHOTOGRAPHER<\/title>\n<meta name=\"robots\" content=\"index, follow, max-snippet:-1, max-image-preview:large, max-video-preview:-1\" \/>\n<link rel=\"canonical\" href=\"https:\/\/www.elenabucelli.com\/wordpress\/smash-cake\/\" \/>\n<meta property=\"og:locale\" content=\"it_IT\" \/>\n<meta property=\"og:type\" content=\"article\" \/>\n<meta property=\"og:title\" content=\"SMASH CAKE - ELENA BUCELLI PHOTOGRAPHER\" \/>\n<meta property=\"og:description\" content=\"SMASH CAKEIL 1\u00b0 COMPLEANNO DEL TUO BAMBINO Il Servizio fotografico dedicato al 1\u00b0 compleanno del tuo bambino! Il primo compleanno \u00e8 un momento unico, [&hellip;]\" \/>\n<meta property=\"og:url\" content=\"https:\/\/www.elenabucelli.com\/wordpress\/smash-cake\/\" \/>\n<meta property=\"og:site_name\" content=\"ELENA BUCELLI PHOTOGRAPHER\" \/>\n<meta property=\"article:published_time\" content=\"2022-02-07T16:07:32+00:00\" \/>\n<meta property=\"article:modified_time\" content=\"2022-02-07T16:23:40+00:00\" \/>\n<meta property=\"og:image\" content=\"http:\/\/www.elenabucelli.com\/wordpress\/wp-content\/uploads\/2022\/02\/EB2_3270-300x200.jpg\" \/>\n<meta name=\"twitter:card\" content=\"summary\" \/>\n<meta name=\"twitter:label1\" content=\"Scritto da\" \/>\n\t<meta name=\"twitter:data1\" content=\"elebuce\" \/>\n\t<meta name=\"twitter:label2\" content=\"Tempo di lettura stimato\" \/>\n\t<meta name=\"twitter:data2\" content=\"2 minuti\" \/>\n<script type=\"application\/ld+json\" class=\"yoast-schema-graph\">{\"@context\":\"https:\/\/schema.org\",\"@graph\":[{\"@type\":\"WebSite\",\"@id\":\"https:\/\/www.elenabucelli.com\/wordpress\/#website\",\"url\":\"https:\/\/www.elenabucelli.com\/wordpress\/\",\"name\":\"ELENA BUCELLI PHOTOGRAPHER\",\"description\":\"Fotografia per Famiglie, Bambini, Pet e Matrimoni\",\"potentialAction\":[{\"@type\":\"SearchAction\",\"target\":{\"@type\":\"EntryPoint\",\"urlTemplate\":\"https:\/\/www.elenabucelli.com\/wordpress\/?s={search_term_string}\"},\"query-input\":\"required name=search_term_string\"}],\"inLanguage\":\"it-IT\"},{\"@type\":\"ImageObject\",\"@id\":\"https:\/\/www.elenabucelli.com\/wordpress\/smash-cake\/#primaryimage\",\"inLanguage\":\"it-IT\",\"url\":\"http:\/\/www.elenabucelli.com\/wordpress\/wp-content\/uploads\/2022\/02\/EB2_3270-300x200.jpg\",\"contentUrl\":\"http:\/\/www.elenabucelli.com\/wordpress\/wp-content\/uploads\/2022\/02\/EB2_3270-300x200.jpg\"},{\"@type\":\"WebPage\",\"@id\":\"https:\/\/www.elenabucelli.com\/wordpress\/smash-cake\/#webpage\",\"url\":\"https:\/\/www.elenabucelli.com\/wordpress\/smash-cake\/\",\"name\":\"SMASH CAKE - ELENA BUCELLI PHOTOGRAPHER\",\"isPartOf\":{\"@id\":\"https:\/\/www.elenabucelli.com\/wordpress\/#website\"},\"primaryImageOfPage\":{\"@id\":\"https:\/\/www.elenabucelli.com\/wordpress\/smash-cake\/#primaryimage\"},\"datePublished\":\"2022-02-07T16:07:32+00:00\",\"dateModified\":\"2022-02-07T16:23:40+00:00\",\"author\":{\"@id\":\"https:\/\/www.elenabucelli.com\/wordpress\/#\/schema\/person\/d2a3c919780f9f6477db8f691798885b\"},\"breadcrumb\":{\"@id\":\"https:\/\/www.elenabucelli.com\/wordpress\/smash-cake\/#breadcrumb\"},\"inLanguage\":\"it-IT\",\"potentialAction\":[{\"@type\":\"ReadAction\",\"target\":[\"https:\/\/www.elenabucelli.com\/wordpress\/smash-cake\/\"]}]},{\"@type\":\"BreadcrumbList\",\"@id\":\"https:\/\/www.elenabucelli.com\/wordpress\/smash-cake\/#breadcrumb\",\"itemListElement\":[{\"@type\":\"ListItem\",\"position\":1,\"name\":\"Home\",\"item\":\"https:\/\/www.elenabucelli.com\/wordpress\/\"},{\"@type\":\"ListItem\",\"position\":2,\"name\":\"SMASH CAKE\"}]},{\"@type\":\"Person\",\"@id\":\"https:\/\/www.elenabucelli.com\/wordpress\/#\/schema\/person\/d2a3c919780f9f6477db8f691798885b\",\"name\":\"elebuce\",\"image\":{\"@type\":\"ImageObject\",\"@id\":\"https:\/\/www.elenabucelli.com\/wordpress\/#personlogo\",\"inLanguage\":\"it-IT\",\"url\":\"https:\/\/secure.gravatar.com\/avatar\/2f9c16dbdad864d7638856a675ff4ba0?s=96&d=mm&r=g\",\"contentUrl\":\"https:\/\/secure.gravatar.com\/avatar\/2f9c16dbdad864d7638856a675ff4ba0?s=96&d=mm&r=g\",\"caption\":\"elebuce\"},\"url\":\"https:\/\/www.elenabucelli.com\/wordpress\/author\/elebuce\/\"}]}<\/script>\n<!-- \/ Yoast SEO plugin. -->","yoast_head_json":{"title":"SMASH CAKE - ELENA BUCELLI PHOTOGRAPHER","robots":{"index":"index","follow":"follow","max-snippet":"max-snippet:-1","max-image-preview":"max-image-preview:large","max-video-preview":"max-video-preview:-1"},"canonical":"https:\/\/www.elenabucelli.com\/wordpress\/smash-cake\/","og_locale":"it_IT","og_type":"article","og_title":"SMASH CAKE - ELENA BUCELLI PHOTOGRAPHER","og_description":"SMASH CAKEIL 1\u00b0 COMPLEANNO DEL TUO BAMBINO Il Servizio fotografico dedicato al 1\u00b0 compleanno del tuo bambino! Il primo compleanno \u00e8 un momento unico, [&hellip;]","og_url":"https:\/\/www.elenabucelli.com\/wordpress\/smash-cake\/","og_site_name":"ELENA BUCELLI PHOTOGRAPHER","article_published_time":"2022-02-07T16:07:32+00:00","article_modified_time":"2022-02-07T16:23:40+00:00","og_image":[{"url":"http:\/\/www.elenabucelli.com\/wordpress\/wp-content\/uploads\/2022\/02\/EB2_3270-300x200.jpg"}],"twitter_card":"summary","twitter_misc":{"Scritto da":"elebuce","Tempo di lettura stimato":"2 minuti"},"schema":{"@context":"https:\/\/schema.org","@graph":[{"@type":"WebSite","@id":"https:\/\/www.elenabucelli.com\/wordpress\/#website","url":"https:\/\/www.elenabucelli.com\/wordpress\/","name":"ELENA BUCELLI PHOTOGRAPHER","description":"Fotografia per Famiglie, Bambini, Pet e Matrimoni","potentialAction":[{"@type":"SearchAction","target":{"@type":"EntryPoint","urlTemplate":"https:\/\/www.elenabucelli.com\/wordpress\/?s={search_term_string}"},"query-input":"required name=search_term_string"}],"inLanguage":"it-IT"},{"@type":"ImageObject","@id":"https:\/\/www.elenabucelli.com\/wordpress\/smash-cake\/#primaryimage","inLanguage":"it-IT","url":"http:\/\/www.elenabucelli.com\/wordpress\/wp-content\/uploads\/2022\/02\/EB2_3270-300x200.jpg","contentUrl":"http:\/\/www.elenabucelli.com\/wordpress\/wp-content\/uploads\/2022\/02\/EB2_3270-300x200.jpg"},{"@type":"WebPage","@id":"https:\/\/www.elenabucelli.com\/wordpress\/smash-cake\/#webpage","url":"https:\/\/www.elenabucelli.com\/wordpress\/smash-cake\/","name":"SMASH CAKE - ELENA BUCELLI PHOTOGRAPHER","isPartOf":{"@id":"https:\/\/www.elenabucelli.com\/wordpress\/#website"},"primaryImageOfPage":{"@id":"https:\/\/www.elenabucelli.com\/wordpress\/smash-cake\/#primaryimage"},"datePublished":"2022-02-07T16:07:32+00:00","dateModified":"2022-02-07T16:23:40+00:00","author":{"@id":"https:\/\/www.elenabucelli.com\/wordpress\/#\/schema\/person\/d2a3c919780f9f6477db8f691798885b"},"breadcrumb":{"@id":"https:\/\/www.elenabucelli.com\/wordpress\/smash-cake\/#breadcrumb"},"inLanguage":"it-IT","potentialAction":[{"@type":"ReadAction","target":["https:\/\/www.elenabucelli.com\/wordpress\/smash-cake\/"]}]},{"@type":"BreadcrumbList","@id":"https:\/\/www.elenabucelli.com\/wordpress\/smash-cake\/#breadcrumb","itemListElement":[{"@type":"ListItem","position":1,"name":"Home","item":"https:\/\/www.elenabucelli.com\/wordpress\/"},{"@type":"ListItem","position":2,"name":"SMASH CAKE"}]},{"@type":"Person","@id":"https:\/\/www.elenabucelli.com\/wordpress\/#\/schema\/person\/d2a3c919780f9f6477db8f691798885b","name":"elebuce","image":{"@type":"ImageObject","@id":"https:\/\/www.elenabucelli.com\/wordpress\/#personlogo","inLanguage":"it-IT","url":"https:\/\/secure.gravatar.com\/avatar\/2f9c16dbdad864d7638856a675ff4ba0?s=96&d=mm&r=g","contentUrl":"https:\/\/secure.gravatar.com\/avatar\/2f9c16dbdad864d7638856a675ff4ba0?s=96&d=mm&r=g","caption":"elebuce"},"url":"https:\/\/www.elenabucelli.com\/wordpress\/author\/elebuce\/"}]}},"_links":{"self":[{"href":"https:\/\/www.elenabucelli.com\/wordpress\/wp-json\/wp\/v2\/posts\/1340"}],"collection":[{"href":"https:\/\/www.elenabucelli.com\/wordpress\/wp-json\/wp\/v2\/posts"}],"about":[{"href":"https:\/\/www.elenabucelli.com\/wordpress\/wp-json\/wp\/v2\/types\/post"}],"author":[{"embeddable":true,"href":"https:\/\/www.elenabucelli.com\/wordpress\/wp-json\/wp\/v2\/users\/1"}],"replies":[{"embeddable":true,"href":"https:\/\/www.elenabucelli.com\/wordpress\/wp-json\/wp\/v2\/comments?post=1340"}],"version-history":[{"count":8,"href":"https:\/\/www.elenabucelli.com\/wordpress\/wp-json\/wp\/v2\/posts\/1340\/revisions"}],"predecessor-version":[{"id":1357,"href":"https:\/\/www.elenabucelli.com\/wordpress\/wp-json\/wp\/v2\/posts\/1340\/revisions\/1357"}],"wp:attachment":[{"href":"https:\/\/www.elenabucelli.com\/wordpress\/wp-json\/wp\/v2\/media?parent=1340"}],"wp:term":[{"taxonomy":"category","embeddable":true,"href":"https:\/\/www.elenabucelli.com\/wordpress\/wp-json\/wp\/v2\/categories?post=1340"},{"taxonomy":"post_tag","embeddable":true,"href":"https:\/\/www.elenabucelli.com\/wordpress\/wp-json\/wp\/v2\/tags?post=1340"}],"curies":[{"name":"wp","href":"https:\/\/api.w.org\/{rel}","templated":true}]}}